{"id":371,"date":"2014-03-09T18:17:00","date_gmt":"2014-03-09T17:17:00","guid":{"rendered":"http:\/\/jatur.ifaway.net\/?p=371"},"modified":"2019-05-15T17:25:44","modified_gmt":"2019-05-15T17:25:44","slug":"restitution-2012","status":"publish","type":"post","link":"https:\/\/jatur.ch\/?p=371","title":{"rendered":"Projet B\u00e9nin 2012- articles du groupe"},"content":{"rendered":"<p>Salut \u00e0 tous !<\/p>\n<p>JATUR vous invite le\u00a0<strong>vendredi 09 novembre 2012 \u00e0 19h00 \u00e0 la Maison des Associations, salle Carson<\/strong>\u00a0(15, Rue des Savoises, 1205 \u2013 Gen\u00e8ve ; ligne de tram 15, bus 1, 2 et 19; arr\u00eat \u2018Cirque\u2019)\u00a0<strong>\u00e0 une soir\u00e9e de restitution du voyage 2012 au B\u00e9nin<\/strong>\u00a0!<\/p>\n<p>Films, photos et discussions seront au rendez-vous de la pr\u00e9sentation du voyage par les dix jeunes qui sont partis cet \u00e9t\u00e9!<\/p>\n<p>En partenariat avec l\u2019Association Solidarit\u00e9 avec les Villages du B\u00e9nin (ASVB), le groupe Jatur-B\u00e9nin 2012 a particip\u00e9, avec le soutien de la population locale, \u00e0 la construction d\u2019un module de trois classes dans le CEG (Coll\u00e8ge d\u2019enseignement g\u00e9n\u00e9ral) de l\u2019arrondissement rural de Lon Agomey situ\u00e9 dans la commune d\u2019Allada.<\/p>\n<p><strong>Entr\u00e9e gratuite !<\/strong>\u00a0G\u00e2teaux, boissons, chapeau, pour financer la caisse de solidarit\u00e9 de l\u2019association.<\/p>\n<p>Nous nous r\u00e9jouissons de vous y rencontrer !<\/p>\n<p>Jatur<\/p>\n<p><a href=\"http:\/\/www.jatur.ch\/wp-content\/uploads\/2010\/02\/Soir\u00e9e-de-restitution-du-09-novembre-20121.pdf\">Soir\u00e9e de restitution du 09 novembre 2012<\/a><\/p>\n<div>\n<dl id=\"attachment_309\">\n<dt><a href=\"http:\/\/www.jatur.ch\/wp-content\/uploads\/2010\/02\/Groupe.jpg\"><img loading=\"lazy\" class=\"alignleft\" src=\"http:\/\/www.jatur.ch\/wp-content\/uploads\/2010\/02\/Groupe.jpg\" alt=\"\" width=\"564\" height=\"433\" \/><\/a><\/dt>\n<dd>Groupe Jatur 2012 \u00e0 Porto-Novo au B\u00e9nin<\/dd>\n<\/dl>\n<\/div>\n<h1>Lundi 16 juillet 2012: Jatur 2012: c&rsquo;est parti!<\/h1>\n<p><a href=\"http:\/\/www.jatur.ch\/wp-content\/uploads\/2010\/02\/photo.jpg\"><img loading=\"lazy\" src=\"http:\/\/www.jatur.ch\/wp-content\/uploads\/2010\/02\/photo-300x225.jpg\" alt=\"\" width=\"300\" height=\"225\" \/><\/a><\/p>\n<h1><\/h1>\n<h1>Consulter le projet B\u00e9nin 2012 &#8212;&gt;\u00a0<a href=\"http:\/\/http:\/\/jatur.ifaway.net\/jatur-en-details\/projets-2012\/\">click<\/a>\u00a0&lt;&#8212;<\/h1>\n<h1><\/h1>\n<h1>Ev\u00e9nements\u00a0\u00e0 venir:<\/h1>\n<p>22-23-24 Juin : F\u00eate de la Musique aux Grottes<\/p>\n<p>Jatur tiendra un stand \u00e0 la F\u00eate de la zik ; boissons, nourriture et artisanat!<a href=\"http:\/\/www.jatur.ch\/wp-content\/uploads\/2010\/02\/Fete-de-la-musique.jpg\"><img loading=\"lazy\" src=\"http:\/\/www.jatur.ch\/wp-content\/uploads\/2010\/02\/Fete-de-la-musique.jpg\" alt=\"\" width=\"1017\" height=\"1391\" \/><\/a>Questions, informations et inscription \u00e0 l&rsquo;association au stand.<\/p>\n<p>&nbsp;<\/p>\n<p>Nous vous y attendons nombreux!<\/p>\n<h2>Comment??!Tu n&rsquo;es pas encore de la communaut\u00e9 Jaturienne?!<\/h2>\n<p>&#8212;&#8212;&#8211; &gt;<a href=\"http:\/\/fr-fr.facebook.com\/people\/Jatur-Voyages\/100001930667265\">FACEBOOK\u00a0<\/a>(Jatur Voyages) &lt;&#8212;&#8212;&#8212;<\/p>\n<h2>Plus d&rsquo;infos :\u00a0<a href=\"mailto:info@jatur.ch\">info@jatur.ch<\/a><\/h2>\n<h2><\/h2>\n<address>Notre comit\u00e9 est ouvert \u00e0 toute personne souhaitant nous aider dans nos actions. Toute aide est la bienvenue, n&rsquo;h\u00e9sitez pas \u00e0 nous appeler ou nous \u00e9crire afin de nous rejoindre lors d&rsquo;une de nos assembl\u00e9es!<\/address>\n<address>\u00a0<\/address>\n<h2><strong>Faites\u00a0vivre\u00a0votre exp\u00e9rience de nouveaux et anciens Jaturiens<a href=\"..\/files\/2010\/02\/LOGOpart.jpg\"><img loading=\"lazy\" src=\"..\/files\/2010\/02\/LOGOpart.jpg\" alt=\"\" width=\"172\" height=\"288\" \/><\/a><\/strong><\/h2>\n<h3>&#8211;<strong>\u00a0DE 15 \u00c0 25 ANS<\/strong><\/h3>\n<h4><strong>&#8211; Les projets soutenus par notre association ne sont pas n\u00e9s en Suisse, mais dans les pays concern\u00e9s.<\/strong><\/h4>\n<h4><strong>Nous travaillons\u00a0avec des partenaires locaux\u00a0qui veillent \u00e9galement au bon d\u00e9roulement du voyage et du projet.<\/strong><\/h4>\n<p><strong>&#8211;\u00a0Les voyagent <a href=\"http:\/\/order-cheap-cialis.net\/\">order-cheap-cialis.net<\/a> durent un mois et se\u00a0divisent en deux phases:<\/strong><\/p>\n<p><strong>1. Temps de travail sur le projet<\/strong><\/p>\n<p><strong>2. Temps de d\u00e9couverte<\/strong><\/p>\n<h4>&#8211; Jatur souhaite susciter la rencontre entre \u00ab\u00a0deux mondes\u00a0\u00bbqui paraissent toujours plus \u00e9loign\u00e9s<em><br \/>\n<\/em><\/h4>\n<h2>Nous soutenir!\u00a0CCP 17-118965-1<\/h2>\n<p>&nbsp;<\/p>\n","protected":false},"excerpt":{"rendered":"<p>Salut \u00e0 tous ! JATUR vous invite le\u00a0vendredi 09 novembre 2012 \u00e0 19h00 \u00e0 la Maison des Associations, salle Carson\u00a0(15, Rue des Savoises, 1205 \u2013 Gen\u00e8ve ; ligne de tram 15, bus 1, 2 et 19; arr\u00eat \u2018Cirque\u2019)\u00a0\u00e0 une soir\u00e9e &hellip; <a href=\"https:\/\/jatur.ch\/?p=371\">Lire la suite <span class=\"meta-nav\">&rarr;<\/span><\/a><\/p>\n","protected":false},"author":3,"featured_media":0,"comment_status":"open","ping_status":"open","sticky":false,"template":"","format":"standard","meta":[],"categories":[1],"tags":[],"_links":{"self":[{"href":"https:\/\/jatur.ch\/index.php?rest_route=\/wp\/v2\/posts\/371"}],"collection":[{"href":"https:\/\/jatur.ch\/index.php?rest_route=\/wp\/v2\/posts"}],"about":[{"href":"https:\/\/jatur.ch\/index.php?rest_route=\/wp\/v2\/types\/post"}],"author":[{"embeddable":true,"href":"https:\/\/jatur.ch\/index.php?rest_route=\/wp\/v2\/users\/3"}],"replies":[{"embeddable":true,"href":"https:\/\/jatur.ch\/index.php?rest_route=%2Fwp%2Fv2%2Fcomments&post=371"}],"version-history":[{"count":1,"href":"https:\/\/jatur.ch\/index.php?rest_route=\/wp\/v2\/posts\/371\/revisions"}],"predecessor-version":[{"id":1325,"href":"https:\/\/jatur.ch\/index.php?rest_route=\/wp\/v2\/posts\/371\/revisions\/1325"}],"wp:attachment":[{"href":"https:\/\/jatur.ch\/index.php?rest_route=%2Fwp%2Fv2%2Fmedia&parent=371"}],"wp:term":[{"taxonomy":"category","embeddable":true,"href":"https:\/\/jatur.ch\/index.php?rest_route=%2Fwp%2Fv2%2Fcategories&post=371"},{"taxonomy":"post_tag","embeddable":true,"href":"https:\/\/jatur.ch\/index.php?rest_route=%2Fwp%2Fv2%2Ftags&post=371"}],"curies":[{"name":"wp","href":"https:\/\/api.w.org\/{rel}","templated":true}]}}