{"id":216,"date":"2011-04-20T13:55:54","date_gmt":"2011-04-20T12:55:54","guid":{"rendered":"http:\/\/jatur.ifaway.net\/?p=216"},"modified":"2011-04-20T13:55:54","modified_gmt":"2011-04-20T12:55:54","slug":"lecourrier-2010","status":"publish","type":"post","link":"https:\/\/jatur.ch\/?p=216","title":{"rendered":"Vacances solidaires au B\u00e9nin"},"content":{"rendered":"<p>Vacances solidaires au B\u00e9nin<\/p>\n<p>Le courrier<\/p>\n<div>MARDI, 12 OCTOBRE, 2010<\/div>\n<div><a href=\"http:\/\/www.lecourrier.ch\/isaline_thorens\">Isaline Thorens<\/a><\/div>\n<p>\u00abNous aimerions que la presse rel\u00e8ve, pour une fois, que les jeunes font aussi des choses bien!\u00bb Laetitia et Lina, 19 ans, \u00e9l\u00e8ves au coll\u00e8ge, et Raouf, accompagnateur, t\u00e9moignent au Courrier de leur exp\u00e9rience culturelle et solidaire. Avec un groupe de neuf jeunes, de 17 \u00e0 21 ans, et deux accompagnateurs, ils ont pr\u00e9par\u00e9 et r\u00e9alis\u00e9 un voyage de trois semaines au B\u00e9nin en juillet dernier.<br \/>\nL&rsquo;association Jatur re\u00e7oit chaque ann\u00e9e des propositions de projets \u00e9manant de populations du Sud. Cette fois, des femmes du petit village de Gbeova au B\u00e9nin souhaitaient ouvrir une porcherie. Ayant eu vent du projet, des jeunes de tous horizons ont contact\u00e9 Jatur pour y prendre part.<\/p>\n<p>Ils ont d\u00fb, pendant l&rsquo;ann\u00e9e, apprendre \u00e0 se d\u00e9brouiller pour r\u00e9colter les fonds n\u00e9cessaires \u00e0 la construction d&rsquo;une enceinte, \u00e0 l&rsquo;achat des cochons et \u00e0 la formation des \u00e9leveurs. Ils ont organis\u00e9 des ventes de p\u00e2tisseries, deux soir\u00e9es pour lesquelles ils ont trouv\u00e9 des sponsors, et demand\u00e9 des subventions aux communes. Laetitia souligne le caract\u00e8re formateur de la d\u00e9marche: \u00abAu coll\u00e8ge, nous n&rsquo;avons par exemple jamais appris \u00e0 \u00e9crire une lettre.\u00bb<\/p>\n<p>Les jeunes ont \u00e9galement b\u00e9n\u00e9fici\u00e9 d&rsquo;une formation pour les pr\u00e9parer au voyage. Des expos\u00e9s ont rassur\u00e9 leurs craintes quant aux risques de maladies en Afrique, \u00e9largi leur compr\u00e9hension des relations Nord-Sud et leur connaissance des us et coutumes b\u00e9ninois.<br \/>\nQuelques treize mille francs en poche, les jeunes s&rsquo;envolent le 13 juillet. \u00abA l&rsquo;arriv\u00e9e, je me suis demand\u00e9 ce que je faisais l\u00e0\u00bb, avoue Lina. La premi\u00e8re semaine est un choc culturel. Les conditions de vie sont rudimentaires: le village est \u00e0 quarante-cinq minutes de piste de la ville la plus proche, le groupe dort dans une case, va chercher l&rsquo;eau au puits, cuisine au charbon. Raouf soul\u00e8ve l&rsquo;importance du collectif: \u00abLes jeunes ont pu partager leurs interrogations et leur ressenti. Le groupe a \u00e9t\u00e9 un v\u00e9ritable soutien.\u00bb Laetitia approuve: \u00abJe ne partirais pas seule. Je pense que je craquerais.\u00bb<br \/>\nMais les jeunes s&rsquo;acclimatent. Ils travaillent tous les matins \u00e0 la cha\u00eene, pour construire le mur d&rsquo;enceinte de la porcherie. \u00abLe travail \u00e9tait fatigant, mais comme les femmes et les enfants tenaient absolument \u00e0 nous aider, cela nous donnait du courage. En voyant les petits travailler, on ne pouvait pas se plaindre!\u00bb L&rsquo;apr\u00e8s-midi, ils se reposent ou jouent dans le village avec les enfants. Lina affirme que jamais elle n&rsquo;oubliera la gentillesse des gens.<\/p>\n<p>Apr\u00e8s deux semaines de travail et une troisi\u00e8me \u00e0 d\u00e9couvrir le reste du B\u00e9nin, les jeunes doivent d\u00e9j\u00e0 s&rsquo;en aller. A la demande du village, ils d\u00e9cident, par vote unanime, d&rsquo;accorder l&rsquo;argent qui leur reste \u00e0 la r\u00e9paration du moulin \u00e0 ma\u00efs, essentiel \u00e0 l&rsquo;alimentation, qui \u00e9tait cass\u00e9 depuis deux ans.<\/p>\n<p>\u00abLes villageois nous ont fait un adieu tr\u00e8s \u00e9mouvant\u00bb, raconte Laetitia. \u00abIls chantaient et dansaient. Nous avons tous pleur\u00e9.\u00bb<\/p>\n<p>Les deux filles sortent grandies de l&rsquo;exp\u00e9rience. \u00abNous avons d\u00fb nous surpasser et cela nous a \u00e9norm\u00e9ment apport\u00e9. C&rsquo;est une occasion unique de d\u00e9couvrir une culture tellement diff\u00e9rente.\u00bb L&rsquo;occasion aussi de d\u00e9velopper un regard sur sa propre soci\u00e9t\u00e9. Pour Laetitia, le retour a \u00e9t\u00e9 un choc : \u00abQuand je suis rentr\u00e9e dans un grand magasin, j&rsquo;ai r\u00e9alis\u00e9 que nous vivions dans un monde de surconsommation. Cela m&rsquo;a d\u00e9go\u00fbt\u00e9e.\u00bb<br \/>\nElles sont convaincues que la porcherie et le moulin seront durablement b\u00e9n\u00e9fiques pour le village, ce dont Lina traite d&rsquo;ailleurs dans son travail de maturit\u00e9. Tous trois souhaitent en tout cas renouveler l&rsquo;exp\u00e9rience et encouragent vivement d&rsquo;autres jeunes \u00e0 tenter l&rsquo;aventure. ISALINE THORENS<\/p>\n","protected":false},"excerpt":{"rendered":"<p>Vacances solidaires au B\u00e9nin Le courrier MARDI, 12 OCTOBRE, 2010 Isaline Thorens \u00abNous aimerions que la presse rel\u00e8ve, pour une fois, que les jeunes font aussi des choses bien!\u00bb Laetitia et Lina, 19 ans, \u00e9l\u00e8ves au coll\u00e8ge, et Raouf, accompagnateur, &hellip; <a href=\"https:\/\/jatur.ch\/?p=216\">Lire la suite <span class=\"meta-nav\">&rarr;<\/span><\/a><\/p>\n","protected":false},"author":2,"featured_media":0,"comment_status":"open","ping_status":"open","sticky":false,"template":"","format":"standard","meta":[],"categories":[4],"tags":[],"_links":{"self":[{"href":"https:\/\/jatur.ch\/index.php?rest_route=\/wp\/v2\/posts\/216"}],"collection":[{"href":"https:\/\/jatur.ch\/index.php?rest_route=\/wp\/v2\/posts"}],"about":[{"href":"https:\/\/jatur.ch\/index.php?rest_route=\/wp\/v2\/types\/post"}],"author":[{"embeddable":true,"href":"https:\/\/jatur.ch\/index.php?rest_route=\/wp\/v2\/users\/2"}],"replies":[{"embeddable":true,"href":"https:\/\/jatur.ch\/index.php?rest_route=%2Fwp%2Fv2%2Fcomments&post=216"}],"version-history":[{"count":0,"href":"https:\/\/jatur.ch\/index.php?rest_route=\/wp\/v2\/posts\/216\/revisions"}],"wp:attachment":[{"href":"https:\/\/jatur.ch\/index.php?rest_route=%2Fwp%2Fv2%2Fmedia&parent=216"}],"wp:term":[{"taxonomy":"category","embeddable":true,"href":"https:\/\/jatur.ch\/index.php?rest_route=%2Fwp%2Fv2%2Fcategories&post=216"},{"taxonomy":"post_tag","embeddable":true,"href":"https:\/\/jatur.ch\/index.php?rest_route=%2Fwp%2Fv2%2Ftags&post=216"}],"curies":[{"name":"wp","href":"https:\/\/api.w.org\/{rel}","templated":true}]}}