{"id":214,"date":"2011-04-20T13:53:39","date_gmt":"2011-04-20T12:53:39","guid":{"rendered":"http:\/\/jatur.ifaway.net\/?p=214"},"modified":"2019-05-16T12:30:22","modified_gmt":"2019-05-16T12:30:22","slug":"lecourrier-2005","status":"publish","type":"post","link":"https:\/\/jatur.ch\/?p=214","title":{"rendered":"je m&rsquo;engage, donc je suis"},"content":{"rendered":"<p>Je m&rsquo;engage, donc je suis<\/p>\n<p>Le courrier<\/p>\n<div>MARDI, 7 JUIN, 2005<\/div>\n<div><a href=\"http:\/\/www.lecourrier.ch\/caroline_stevens\">Caroline Stevens<\/a><\/div>\n<p>Ambiance caliente, rythmes africains et rouleaux de printemps, samedi soir, \u00e0 l&rsquo;occasion de la soir\u00e9e de cl\u00f4ture du projet \u00abGen\u00e8ve-Porto Alegre, un autre monde est possible\u00bb qui a eu lieu \u00e0 la Maison des associations de Gen\u00e8ve. Au cours d&rsquo;une soir\u00e9e aussi festive qu&rsquo;engag\u00e9e, vingt-cinq jeunes \u00e2g\u00e9s de 18 \u00e0 24 ans ont t\u00e9moign\u00e9 avec force et enthousiasme de leur voyage au Forum altermondialiste de Porto Alegre, au Br\u00e9sil, de janvier dernier.<\/p>\n<p>Pour le d\u00e9put\u00e9 socialiste Alberto Velasco, ce voyage est \u00abun \u00e9v\u00e9nement, dans la mesure o\u00f9 jusqu&rsquo;\u00e0 pr\u00e9sent aucune d\u00e9l\u00e9gation de jeunes Helv\u00e8tes ne s&rsquo;\u00e9tait rendue \u00e0 Porto Alegre\u00bb. Admiratif, le magistrat a ajout\u00e9 dans la foul\u00e9e qu&rsquo;il s&rsquo;agissait aussi d&rsquo;un \u00abformidable signe d&rsquo;ouverture d&rsquo;esprit\u00bb.<\/p>\n<p>Lanc\u00e9 l&rsquo;ann\u00e9e derni\u00e8re par le Groupe genevois des associations de jeunesse de Gen\u00e8ve (GLAJ), le projet a rassembl\u00e9 huit associations: le WWF, Pronatura, l&rsquo;association de voyages humanitaires Jatur, Enfants du monde, Contact jeunes, la Codap et l&rsquo;Animation jeunesse de l&rsquo;\u00e9glise protestante de Gen\u00e8ve (AJEG).<\/p>\n<p>Disponibles et motiv\u00e9s, les participants ont brav\u00e9 durant une ann\u00e9e la traditionnelle grasse mat&rsquo; du samedi pour se consacrer \u00e0 la pr\u00e9paration du voyage. Au cours de nombreux ateliers et conf\u00e9rences, ces altermondialistes en herbe ont abord\u00e9 les notions d&rsquo;engagement social, de biosph\u00e8re, de coop\u00e9ration internationale et de compr\u00e9hension globale, avec des intervenants souvent assaillis de questions.<\/p>\n<p>Solidaire, inoubliable, le voyage a aussi \u00e9t\u00e9 l&rsquo;occasion pour certains de se frotter \u00e0 la r\u00e9alisation audiovisuelle puisqu&rsquo;un film a \u00e9t\u00e9 r\u00e9alis\u00e9. Pr\u00e9sent\u00e9 samedi soir, le court m\u00e9trage a retrac\u00e9 en une petite demi-heure les diff\u00e9rentes phases de pr\u00e9paration du projet ainsi que des images du forum lui-m\u00eame.<\/p>\n<p>En attendant le prochain Forum social \u2013 qui sera <a href=\"http:\/\/buyviagraonlineshop.com\/\">buyviagraonlineshop.com<\/a> d\u00e9centralis\u00e9 pour l&rsquo;ann\u00e9e 2006 \u2013, les accompagnateurs planchent d\u00e9j\u00e0 sur des formations locales pour la rentr\u00e9e prochaine. CAROLINE STEVENS<\/p>\n","protected":false},"excerpt":{"rendered":"<p>Je m&rsquo;engage, donc je suis Le courrier MARDI, 7 JUIN, 2005 Caroline Stevens Ambiance caliente, rythmes africains et rouleaux de printemps, samedi soir, \u00e0 l&rsquo;occasion de la soir\u00e9e de cl\u00f4ture du projet \u00abGen\u00e8ve-Porto Alegre, un autre monde est possible\u00bb qui &hellip; <a href=\"https:\/\/jatur.ch\/?p=214\">Lire la suite <span class=\"meta-nav\">&rarr;<\/span><\/a><\/p>\n","protected":false},"author":2,"featured_media":0,"comment_status":"open","ping_status":"open","sticky":false,"template":"","format":"standard","meta":[],"categories":[1],"tags":[],"_links":{"self":[{"href":"https:\/\/jatur.ch\/index.php?rest_route=\/wp\/v2\/posts\/214"}],"collection":[{"href":"https:\/\/jatur.ch\/index.php?rest_route=\/wp\/v2\/posts"}],"about":[{"href":"https:\/\/jatur.ch\/index.php?rest_route=\/wp\/v2\/types\/post"}],"author":[{"embeddable":true,"href":"https:\/\/jatur.ch\/index.php?rest_route=\/wp\/v2\/users\/2"}],"replies":[{"embeddable":true,"href":"https:\/\/jatur.ch\/index.php?rest_route=%2Fwp%2Fv2%2Fcomments&post=214"}],"version-history":[{"count":1,"href":"https:\/\/jatur.ch\/index.php?rest_route=\/wp\/v2\/posts\/214\/revisions"}],"predecessor-version":[{"id":1327,"href":"https:\/\/jatur.ch\/index.php?rest_route=\/wp\/v2\/posts\/214\/revisions\/1327"}],"wp:attachment":[{"href":"https:\/\/jatur.ch\/index.php?rest_route=%2Fwp%2Fv2%2Fmedia&parent=214"}],"wp:term":[{"taxonomy":"category","embeddable":true,"href":"https:\/\/jatur.ch\/index.php?rest_route=%2Fwp%2Fv2%2Fcategories&post=214"},{"taxonomy":"post_tag","embeddable":true,"href":"https:\/\/jatur.ch\/index.php?rest_route=%2Fwp%2Fv2%2Ftags&post=214"}],"curies":[{"name":"wp","href":"https:\/\/api.w.org\/{rel}","templated":true}]}}