{"id":212,"date":"2011-04-20T13:51:35","date_gmt":"2011-04-20T12:51:35","guid":{"rendered":"http:\/\/jatur.ifaway.net\/?p=212"},"modified":"2019-05-15T08:32:03","modified_gmt":"2019-05-15T08:32:03","slug":"lecourrier-2004","status":"publish","type":"post","link":"https:\/\/jatur.ch\/?p=212","title":{"rendered":"\u00abNous pr\u00e9parons les touristes de demain\u00bb"},"content":{"rendered":"<p>Le Courrier<\/p>\n<p>\u00abNous pr\u00e9parons les touristes de demain\u00bb<\/p>\n<div>JEUDI, 29 AVRIL, 2004<\/div>\n<div><a href=\"http:\/\/www.lecourrier.ch\/rachel_haller\">Rachel Haller<\/a><\/div>\n<p>C&rsquo;\u00e9tait il y a vingt ans. Une poign\u00e9e de professeurs imaginaient \u00e0 l&rsquo;attention de jeunes ados en rupture une mani\u00e8re instructive et efficace d&rsquo;ouvrir leurs horizons: un voyage o\u00f9 tourisme et engagement humanitaire se partageraient le temps \u00e0 parts \u00e9gales. Jatur, les Jeunes associ\u00e9s temporairement \u00e0 une r\u00e9gion, \u00e9tait n\u00e9. Depuis, l&rsquo;association a permis \u00e0 quelques 1200 jeunes de 14 ans \u00e0 23 ans de d\u00e9couvrir le monde autrement et d&rsquo;appr\u00e9hender le foss\u00e9 qui s\u00e9pare les pays du Nord de leurs voisins du Sud. Mais loin des clich\u00e9s o\u00f9 les uns devraient tout poss\u00e9der et les autres rien.<\/p>\n<p>Pour f\u00eater cet anniversaire et partager souvenirs et projets, Jatur sera pr\u00e9sente au Village alternatif du Salon du livre \u00e0 Gen\u00e8ve jusqu&rsquo;au 2 mai. Elle participera aussi au d\u00e9bat \u00abComment lutter contre le tourisme marchand?\u00bb qui aura lieu le samedi 1er mai de 11h30 \u00e0 12h45.<\/p>\n<p>Retour sur images avec Sabine Petermann Burnat, membre du comit\u00e9.<\/p>\n<p><strong>Apr\u00e8s vingt ans d&rsquo;existence, quel bilan dressez-vous?<\/strong><\/p>\n<p>\u2013 L&rsquo;intention de d\u00e9part n&rsquo;a pas chang\u00e9. Elle reste d&rsquo;abord p\u00e9dagogique. Nous essayons d&rsquo;\u00e9veiller chez les participants une r\u00e9flexion sur le monde d&rsquo;ici et de l\u00e0-bas, de leur faire prendre conscience de leurs privil\u00e8ges mais aussi de la richesse des autres cultures. Le volet humanitaire du voyage permet un vrai partage et de casser l&rsquo;image du riche Blanc incapable de relever ses manches. C&rsquo;est pour cette raison que les projets que nous soutenons, toujours \u00e0 l&rsquo;initiative des populations locales, implique plut\u00f4t un travail physique: construction d&rsquo;\u00e9coles, r\u00e9novation de b\u00e2timents publics, distribution de repas dans les rues&#8230; Depuis la cr\u00e9ation de l&rsquo;association, l&rsquo;\u00e2ge moyen des <a href=\"https:\/\/www.viagrageneriquefr24.com\/ou-trouver-du-viagra-en-france\/\">https:\/\/www.viagrageneriquefr24.com\/ou-trouver-du-viagra-en-france\/<\/a> participants a l\u00e9g\u00e8rement augment\u00e9, mais l&rsquo;enthousiasme est rest\u00e9 intact. Les jeunes se montrent toujours aussi motiv\u00e9s et heureux d&rsquo;avoir pu vivre une pareille exp\u00e9rience.<\/p>\n<p><strong>Avez-vous des crit\u00e8res de s\u00e9lection pour choisir vos participants?<\/strong><\/p>\n<p>\u2013 Leur motivation pr\u00e9cis\u00e9ment. Il faut qu&rsquo;ils soient pr\u00eats \u00e0 s&rsquo;engager dans un projet, qui, entre r\u00e9colte de fonds, s\u00e9ances pr\u00e9paratoires et voyage sur place, se prolongera sur une ann\u00e9e. Il faut aussi qu&rsquo;ils soient dispos\u00e9s \u00e0 respecter certaines r\u00e8gles de conduite: pas de consommation de drogues, pas de relations sexuelles surtout avec les populations indig\u00e8nes, un comportement respectueux des coutumes locales notamment dans le domaine vestimentaire et aussi une consid\u00e9ration pour la vie de groupe, la solidarit\u00e9 et la tol\u00e9rance qu&rsquo;elle requiert. Jusqu&rsquo;\u00e0 pr\u00e9sent, mous n&rsquo;avons pas rencontr\u00e9 de gros probl\u00e8mes.<\/p>\n<p><strong>Cette mani\u00e8re de voyager permet-elle de casser le rapport marchand, souvent omnipr\u00e9sent dans les relations entre \u00abBlancs\u00bb et populations locales?<\/strong><\/p>\n<p>\u2013 De mani\u00e8re g\u00e9n\u00e9rale, les gens \u00e0 qui nous apportons notre aide sont tr\u00e8s heureux et surpris de voir des jeunes consacrer leurs vacances \u00e0 du travail manuel, parfois harassant. Des amiti\u00e9s sinc\u00e8res peuvent se nouer, surtout entre jeunes du m\u00eame \u00e2ge. Mais il est difficile de savoir si, \u00e0 long terme, ces moments de partage permettent de changer le regard de ces populations sur l&rsquo;Occident.<\/p>\n<p><strong>Le type de voyage propos\u00e9 par Jatur serait-il un premier pas vers le tourisme durable, ou tourisme et durabilit\u00e9 restent-ils deux termes d\u00e9finitivement antinomiques?<\/strong><\/p>\n<p>\u2013 A titre personnel, je suis de plus en plus convaincue que le tourisme, par d\u00e9finition, ne peut \u00eatre durable. Mais je ne veux pas remettre en question sa l\u00e9gitimit\u00e9, car il n&rsquo;est pas pr\u00eat de cesser d&rsquo;exister. En revanche, nous pourrions tendre vers un tourisme moins dommageable \u00e0 tous points de vue que celui qui est aujourd&rsquo;hui majoritairement promu et consomm\u00e9e. Et c&rsquo;est justement l&rsquo;un des r\u00f4les de Jatur qui pr\u00e9pare en quelque sorte les touristes de demain.<\/p>\n<p>Renseignements: <a title=\"www.jatur.ch\" href=\"http:\/\/www.jatur.ch\/\">www.jatur.ch<\/a><\/p>\n","protected":false},"excerpt":{"rendered":"<p>Le Courrier \u00abNous pr\u00e9parons les touristes de demain\u00bb JEUDI, 29 AVRIL, 2004 Rachel Haller C&rsquo;\u00e9tait il y a vingt ans. Une poign\u00e9e de professeurs imaginaient \u00e0 l&rsquo;attention de jeunes ados en rupture une mani\u00e8re instructive et efficace d&rsquo;ouvrir leurs horizons: &hellip; <a href=\"https:\/\/jatur.ch\/?p=212\">Lire la suite <span class=\"meta-nav\">&rarr;<\/span><\/a><\/p>\n","protected":false},"author":2,"featured_media":0,"comment_status":"open","ping_status":"open","sticky":false,"template":"","format":"standard","meta":[],"categories":[1],"tags":[],"_links":{"self":[{"href":"https:\/\/jatur.ch\/index.php?rest_route=\/wp\/v2\/posts\/212"}],"collection":[{"href":"https:\/\/jatur.ch\/index.php?rest_route=\/wp\/v2\/posts"}],"about":[{"href":"https:\/\/jatur.ch\/index.php?rest_route=\/wp\/v2\/types\/post"}],"author":[{"embeddable":true,"href":"https:\/\/jatur.ch\/index.php?rest_route=\/wp\/v2\/users\/2"}],"replies":[{"embeddable":true,"href":"https:\/\/jatur.ch\/index.php?rest_route=%2Fwp%2Fv2%2Fcomments&post=212"}],"version-history":[{"count":1,"href":"https:\/\/jatur.ch\/index.php?rest_route=\/wp\/v2\/posts\/212\/revisions"}],"predecessor-version":[{"id":1324,"href":"https:\/\/jatur.ch\/index.php?rest_route=\/wp\/v2\/posts\/212\/revisions\/1324"}],"wp:attachment":[{"href":"https:\/\/jatur.ch\/index.php?rest_route=%2Fwp%2Fv2%2Fmedia&parent=212"}],"wp:term":[{"taxonomy":"category","embeddable":true,"href":"https:\/\/jatur.ch\/index.php?rest_route=%2Fwp%2Fv2%2Fcategories&post=212"},{"taxonomy":"post_tag","embeddable":true,"href":"https:\/\/jatur.ch\/index.php?rest_route=%2Fwp%2Fv2%2Ftags&post=212"}],"curies":[{"name":"wp","href":"https:\/\/api.w.org\/{rel}","templated":true}]}}